{"id":529,"date":"2024-01-14T20:27:38","date_gmt":"2024-01-14T19:27:38","guid":{"rendered":"https:\/\/fcmonswiller.fr\/?p=529"},"modified":"2025-11-06T18:28:24","modified_gmt":"2025-11-06T17:28:24","slug":"550-participants-pour-la-marche-populaire-du-fcm","status":"publish","type":"post","link":"https:\/\/fcmonswiller.fr\/?p=529","title":{"rendered":"548 participants pour la marche populaire du FCM"},"content":{"rendered":"\n<p>La 21\u00e8me marche hivernale du FC Monswiller a connu un beau succ\u00e8s avec la participation de pr\u00e8s de 550 marcheurs venus parfois de bien loin.<\/p>\n\n\n\n<p>Il est vrai que cette ann\u00e9e, la m\u00e9t\u00e9o \u00e9tait de la partie avec un froid vif, mais sec qui a donn\u00e9 de superbes d\u00e9cors, notamment sur les hauteurs d&rsquo;Ottersthal.<\/p>\n\n\n\n<p>En plus des marcheurs habituels friands des marches FFSP &#8211; IVV, on a pu noter le retour en nombre des plus fid\u00e8les membres et supporters du FC Monswiller suite \u00e0 une \u00e9dition 2023 pluvieuse et venteuse. Nous les remercions.<\/p>\n\n\n\n<p>En cuisine, la soupe de pois\/saucisse de Sabrina a connu le succ\u00e8s habituel et a permis de r\u00e9chauffer les corps !<\/p>\n\n\n\n<!--more-->\n\n\n\n<p>Par contre, nous avons d\u00fb d\u00e9plorer l&rsquo;arrachage ou pire, le d\u00e9placement de banderoles du balisage par un ou des irresponsables, heureusement remises en place par Emmanuelle lors de derni\u00e8re reconnaissance du dimanche matin.<\/p>\n\n\n\n<p>Pour finir, un grand merci \u00e0 tous les b\u00e9n\u00e9voles du FCM qui ont \u0153uvr\u00e9 pour la r\u00e9ussite de cette manifestation.<\/p>\n\n\n\n<p>Clubs les plus repr\u00e9sent\u00e9s : 1er &#8211; Menchoffen avec 29 marcheurs, 2\u00e8me ex-aequo &#8211; Marcheurs du Haut-Barr (Saverne) et Westhouse avec 17 marcheurs<\/p>\n\n\n\n<p>Marcheurs les plus \u00e2g\u00e9s : Homme &#8211; M. Weichel (89 ans), M. Dardaine (84 ans) ; Femme &#8211; Mme Miesch (84 ans) <\/p>\n\n\n\n<figure class=\"wp-block-gallery has-nested-images columns-default is-cropped wp-block-gallery-1 is-layout-flex wp-block-gallery-is-layout-flex\">\n<figure class=\"wp-block-image size-full\"><img loading=\"lazy\" decoding=\"async\" width=\"667\" height=\"1024\" data-id=\"533\" src=\"https:\/\/fcmonswiller.fr\/wp-content\/uploads\/2024\/01\/IMG-20240114-WA0014.jpg\" alt=\"\" class=\"wp-image-533\" srcset=\"https:\/\/fcmonswiller.fr\/wp-content\/uploads\/2024\/01\/IMG-20240114-WA0014.jpg 667w, https:\/\/fcmonswiller.fr\/wp-content\/uploads\/2024\/01\/IMG-20240114-WA0014-195x300.jpg 195w\" sizes=\"auto, (max-width: 667px) 100vw, 667px\" \/><\/figure>\n\n\n\n<figure class=\"wp-block-image size-full\"><img loading=\"lazy\" decoding=\"async\" width=\"769\" height=\"1024\" data-id=\"534\" src=\"https:\/\/fcmonswiller.fr\/wp-content\/uploads\/2024\/01\/IMG-20240114-WA0015.jpg\" alt=\"\" class=\"wp-image-534\" srcset=\"https:\/\/fcmonswiller.fr\/wp-content\/uploads\/2024\/01\/IMG-20240114-WA0015.jpg 769w, https:\/\/fcmonswiller.fr\/wp-content\/uploads\/2024\/01\/IMG-20240114-WA0015-225x300.jpg 225w\" sizes=\"auto, (max-width: 769px) 100vw, 769px\" \/><\/figure>\n<\/figure>\n\n\n\n<p> <\/p>\n","protected":false},"excerpt":{"rendered":"<p>La 21\u00e8me marche hivernale du FC Monswiller a connu un beau succ\u00e8s avec la participation de pr\u00e8s de 550 marcheurs venus parfois de bien loin. Il est vrai que cette ann\u00e9e, la m\u00e9t\u00e9o \u00e9tait de la partie avec un froid vif, mais sec qui a donn\u00e9 de superbes d\u00e9cors, notamment sur les hauteurs d&rsquo;Ottersthal. En [&hellip;]<\/p>\n","protected":false},"author":1,"featured_media":0,"comment_status":"closed","ping_status":"closed","sticky":false,"template":"","format":"standard","meta":{"site-sidebar-layout":"default","site-content-layout":"","ast-site-content-layout":"","site-content-style":"default","site-sidebar-style":"default","ast-global-header-display":"","ast-banner-title-visibility":"","ast-main-header-display":"","ast-hfb-above-header-display":"","ast-hfb-below-header-display":"","ast-hfb-mobile-header-display":"","site-post-title":"","ast-breadcrumbs-content":"","ast-featured-img":"","footer-sml-layout":"","theme-transparent-header-meta":"","adv-header-id-meta":"","stick-header-meta":"","header-above-stick-meta":"","header-main-stick-meta":"","header-below-stick-meta":"","astra-migrate-meta-layouts":"default","ast-page-background-enabled":"default","ast-page-background-meta":{"desktop":{"background-color":"var(--ast-global-color-4)","background-image":"","background-repeat":"repeat","background-position":"center center","background-size":"auto","background-attachment":"scroll","background-type":"","background-media":"","overlay-type":"","overlay-color":"","overlay-opacity":"","overlay-gradient":""},"tablet":{"background-color":"","background-image":"","background-repeat":"repeat","background-position":"center center","background-size":"auto","background-attachment":"scroll","background-type":"","background-media":"","overlay-type":"","overlay-color":"","overlay-opacity":"","overlay-gradient":""},"mobile":{"background-color":"","background-image":"","background-repeat":"repeat","background-position":"center center","background-size":"auto","background-attachment":"scroll","background-type":"","background-media":"","overlay-type":"","overlay-color":"","overlay-opacity":"","overlay-gradient":""}},"ast-content-background-meta":{"desktop":{"background-color":"var(--ast-global-color-5)","background-image":"","background-repeat":"repeat","background-position":"center center","background-size":"auto","background-attachment":"scroll","background-type":"","background-media":"","overlay-type":"","overlay-color":"","overlay-opacity":"","overlay-gradient":""},"tablet":{"background-color":"var(--ast-global-color-5)","background-image":"","background-repeat":"repeat","background-position":"center center","background-size":"auto","background-attachment":"scroll","background-type":"","background-media":"","overlay-type":"","overlay-color":"","overlay-opacity":"","overlay-gradient":""},"mobile":{"background-color":"var(--ast-global-color-5)","background-image":"","background-repeat":"repeat","background-position":"center center","background-size":"auto","background-attachment":"scroll","background-type":"","background-media":"","overlay-type":"","overlay-color":"","overlay-opacity":"","overlay-gradient":""}},"footnotes":""},"categories":[1],"tags":[],"class_list":["post-529","post","type-post","status-publish","format-standard","hentry","category-non-classe"],"_links":{"self":[{"href":"https:\/\/fcmonswiller.fr\/index.php?rest_route=\/wp\/v2\/posts\/529","targetHints":{"allow":["GET"]}}],"collection":[{"href":"https:\/\/fcmonswiller.fr\/index.php?rest_route=\/wp\/v2\/posts"}],"about":[{"href":"https:\/\/fcmonswiller.fr\/index.php?rest_route=\/wp\/v2\/types\/post"}],"author":[{"embeddable":true,"href":"https:\/\/fcmonswiller.fr\/index.php?rest_route=\/wp\/v2\/users\/1"}],"replies":[{"embeddable":true,"href":"https:\/\/fcmonswiller.fr\/index.php?rest_route=%2Fwp%2Fv2%2Fcomments&post=529"}],"version-history":[{"count":7,"href":"https:\/\/fcmonswiller.fr\/index.php?rest_route=\/wp\/v2\/posts\/529\/revisions"}],"predecessor-version":[{"id":541,"href":"https:\/\/fcmonswiller.fr\/index.php?rest_route=\/wp\/v2\/posts\/529\/revisions\/541"}],"wp:attachment":[{"href":"https:\/\/fcmonswiller.fr\/index.php?rest_route=%2Fwp%2Fv2%2Fmedia&parent=529"}],"wp:term":[{"taxonomy":"category","embeddable":true,"href":"https:\/\/fcmonswiller.fr\/index.php?rest_route=%2Fwp%2Fv2%2Fcategories&post=529"},{"taxonomy":"post_tag","embeddable":true,"href":"https:\/\/fcmonswiller.fr\/index.php?rest_route=%2Fwp%2Fv2%2Ftags&post=529"}],"curies":[{"name":"wp","href":"https:\/\/api.w.org\/{rel}","templated":true}]}}